{"id":53075,"date":"2026-09-03T12:38:19","date_gmt":"2026-09-03T10:38:19","guid":{"rendered":"https:\/\/www.incliva.es\/virart-llevara-al-escenario-en-septiembre-una-historia-sobre-enfermedades-infecciosas-y-desinformacion-a-traves-de-la-danza-y-el-circo\/"},"modified":"2026-09-03T12:38:58","modified_gmt":"2026-09-03T10:38:58","slug":"virart-llevara-al-escenario-en-septiembre-una-historia-sobre-enfermedades-infecciosas-y-desinformacion-a-traves-de-la-danza-y-el-circo","status":"publish","type":"post","link":"https:\/\/www.incliva.es\/en\/virart-llevara-al-escenario-en-septiembre-una-historia-sobre-enfermedades-infecciosas-y-desinformacion-a-traves-de-la-danza-y-el-circo\/","title":{"rendered":"VirArt llevar\u00e1 al escenario en septiembre una historia sobre enfermedades infecciosas y desinformaci\u00f3n a trav\u00e9s de la danza y el circo"},"content":{"rendered":"<div class=\"fusion-fullwidth fullwidth-box fusion-builder-row-1 fusion-flex-container nonhundred-percent-fullwidth non-hundred-percent-height-scrolling\" style=\"background-color: rgba(255,255,255,0);background-position: center center;background-repeat: no-repeat;border-width: 0px 0px 0px 0px;border-color:#e2e2e2;border-style:solid;\" ><div class=\"fusion-builder-row fusion-row fusion-flex-align-items-flex-start\" style=\"max-width:1248px;margin-left: calc(-4% \/ 2 );margin-right: calc(-4% \/ 2 );\"><div class=\"fusion-layout-column fusion_builder_column fusion-builder-column-0 fusion_builder_column_1_1 1_1 fusion-flex-column\"><div class=\"fusion-column-wrapper fusion-flex-justify-content-flex-start fusion-content-layout-column\" style=\"background-position:left top;background-repeat:no-repeat;-webkit-background-size:cover;-moz-background-size:cover;-o-background-size:cover;background-size:cover;padding: 0px 0px 0px 0px;\"><style type=\"text\/css\">@media only screen and (max-width:1532px) {.fusion-title.fusion-title-1{margin-top:10px!important;margin-bottom:15px!important;}}@media only screen and (max-width:640px) {.fusion-title.fusion-title-1{margin-top:10px!important;margin-bottom:10px!important;}}<\/style><div class=\"fusion-title title fusion-title-1 fusion-sep-none fusion-title-text fusion-title-size-four\" style=\"margin-top:10px;margin-bottom:15px;\"><h4 class=\"title-heading-left\" style=\"margin:0;\"><ul>\n<li>El espect\u00e1culo, en el que colabora INCLIVA, podr\u00e1 verse del 30 de septiembre al 3 de octubre de 2026 en el Teatre El Musical de Val\u00e8ncia<\/li>\n<li>La propuesta combina artes esc\u00e9nicas, investigaci\u00f3n biom\u00e9dica y tecnolog\u00eda para acercar la ciencia a estudiantes y p\u00fablico familiar<\/li>\n<\/ul><\/h4><\/div><div ><span class=\" fusion-imageframe imageframe-none imageframe-1 hover-type-none\"><img width=\"1920\" height=\"1080\" title=\"def_ok_banner_con_bionano_solo_coles_y_solo_general_1788261548_w1200webp\" src=\"https:\/\/www.incliva.es\/wp-content\/uploads\/2026\/09\/def_ok_banner_con_bionano_solo_coles_y_solo_general_1788261548_w1200webp.jpg\" class=\"img-responsive wp-image-53076\" srcset=\"https:\/\/www.incliva.es\/wp-content\/uploads\/2026\/09\/def_ok_banner_con_bionano_solo_coles_y_solo_general_1788261548_w1200webp-200x113.jpg 200w, https:\/\/www.incliva.es\/wp-content\/uploads\/2026\/09\/def_ok_banner_con_bionano_solo_coles_y_solo_general_1788261548_w1200webp-400x225.jpg 400w, https:\/\/www.incliva.es\/wp-content\/uploads\/2026\/09\/def_ok_banner_con_bionano_solo_coles_y_solo_general_1788261548_w1200webp-600x338.jpg 600w, https:\/\/www.incliva.es\/wp-content\/uploads\/2026\/09\/def_ok_banner_con_bionano_solo_coles_y_solo_general_1788261548_w1200webp-800x450.jpg 800w, https:\/\/www.incliva.es\/wp-content\/uploads\/2026\/09\/def_ok_banner_con_bionano_solo_coles_y_solo_general_1788261548_w1200webp-1200x675.jpg 1200w, https:\/\/www.incliva.es\/wp-content\/uploads\/2026\/09\/def_ok_banner_con_bionano_solo_coles_y_solo_general_1788261548_w1200webp.jpg 1920w\" sizes=\"(max-width: 640px) 100vw, 1200px\" \/><\/span><\/div><div class=\"fusion-text fusion-text-1\" style=\"transform:translate3d(0,0,0);\"><p>El Teatre El Musical de Val\u00e8ncia acoger\u00e1 del 30 de septiembre al 3 de octubre de 2026 VirArt, un espect\u00e1culo que fusiona danza contempor\u00e1nea, circo, ciencia y tecnolog\u00eda para acercar la investigaci\u00f3n biom\u00e9dica al p\u00fablico a trav\u00e9s de una experiencia esc\u00e9nica innovadora. Concebido y coordinado por el investigador de Fisabio \u00c1lvaro Chiner, el proyecto invita a reflexionar sobre algunos de los grandes retos de la salud actual mediante un lenguaje art\u00edstico accesible y visual.<\/p>\n<p>VirArt est\u00e1 organizado por la Fundaci\u00f3n Fisabio y colabora el Instituto de Investigaci\u00f3n Sanitaria INCLIVA, el Centro de Investigaci\u00f3n Pr\u00edncipe Felipe, la Universitat de Val\u00e8ncia, la Delegaci\u00f3n Valenciana del Consejo Superior de Investigaciones Cient\u00edficas (CSIC), BioNanoPharma del grupo Insud Pharma, el core\u00f3grafo Javier San Mart\u00edn y la compa\u00f1\u00eda Dinamic Show.<\/p>\n<p>VirArt ofrecer\u00e1 cinco representaciones. Los d\u00edas 30 de septiembre, 1 y 2 de octubre estar\u00e1n dedicados a la comunidad educativa, con una funci\u00f3n cada ma\u00f1ana, dirigidos a alumnado de Educaci\u00f3n Secundaria Obligatoria y etapas superiores. Estas jornadas combinar\u00e1n la representaci\u00f3n del espect\u00e1culo con una segunda parte de car\u00e1cter divulgativo dise\u00f1ada para profundizar en los conceptos cient\u00edficos abordados sobre el escenario. El s\u00e1bado 3 de octubre tendr\u00e1n lugar dos funciones abiertas al p\u00fablico familiar y general, una por la ma\u00f1ana y una por la tarde.<\/p>\n<h3><strong>Una reflexi\u00f3n sobre la ciencia y la desinformaci\u00f3n<\/strong><\/h3>\n<p>La obra plantea una historia ficticia en la que una nueva enfermedad infecciosa irrumpe en una sociedad moderna y altera por completo su funcionamiento. A partir de ese momento, el escenario se convierte en el reflejo del trabajo de la comunidad cient\u00edfica y muestra c\u00f3mo la investigaci\u00f3n biom\u00e9dica se pone en marcha para comprender el problema y desarrollar una respuesta.<\/p>\n<p>A trav\u00e9s de la danza contempor\u00e1nea, las acrobacias y los recursos tecnol\u00f3gicos, VirArt traslada al p\u00fablico el proceso cient\u00edfico de una forma diferente y combina el rigor de la investigaci\u00f3n con la emoci\u00f3n y el lenguaje universal de las artes esc\u00e9nicas.<\/p>\n<p>Adem\u00e1s de poner en valor el papel de la investigaci\u00f3n, el espect\u00e1culo aborda uno de los grandes desaf\u00edos actuales, ya que trata la propagaci\u00f3n de la desinformaci\u00f3n y los bulos cient\u00edficos. La obra muestra c\u00f3mo los mensajes falsos pueden influir en la percepci\u00f3n social de la ciencia y de las cuestiones relacionadas con la salud, as\u00ed invita al p\u00fablico a reflexionar sobre la importancia del conocimiento basado en la evidencia.<\/p>\n<p>Puedes consultar m\u00e1s informaci\u00f3n para las sesiones dirigidas a la comunidad educativa y al p\u00fablico general a trav\u00e9s de la <a href=\"https:\/\/fisabio.san.gva.es\/es\/apoyo-a-la-investigacion\/areas-de-gestion\/comunicacion\/proyectos-de-divulgacion\/virart\/\">p\u00e1gina web de Fisabio<\/a>.<\/p>\n<p>El espect\u00e1culo est\u00e1 cofinanciado por la Fundaci\u00f3n Espa\u00f1ola para la Ciencia y la Tecnolog\u00eda (FECYT), del Ministerio de Ciencia, Innovaci\u00f3n y Universidades.<\/p>\n<\/div><\/div><\/div><style type=\"text\/css\">.fusion-body .fusion-builder-column-0{width:100% !important;margin-top : 0px;margin-bottom : 0px;}.fusion-builder-column-0 > .fusion-column-wrapper {padding-top : 0px !important;padding-right : 0px !important;margin-right : 1.92%;padding-bottom : 0px !important;padding-left : 0px !important;margin-left : 1.92%;}@media only screen and (max-width:1532px) {.fusion-body .fusion-builder-column-0{width:100% !important;}.fusion-builder-column-0 > .fusion-column-wrapper {margin-right : 1.92%;margin-left : 1.92%;}}@media only screen and (max-width:640px) {.fusion-body .fusion-builder-column-0{width:100% !important;}.fusion-builder-column-0 > .fusion-column-wrapper {margin-right : 1.92%;margin-left : 1.92%;}}<\/style><\/div><style type=\"text\/css\">.fusion-body .fusion-flex-container.fusion-builder-row-1{ padding-top : 0px;margin-top : 0px;padding-right : 0px;padding-bottom : 0px;margin-bottom : 0px;padding-left : 0px;}<\/style><\/div>\n","protected":false},"excerpt":{"rendered":"","protected":false},"author":10,"featured_media":53076,"comment_status":"closed","ping_status":"closed","sticky":false,"template":"","format":"standard","meta":[],"categories":[189],"tags":[],"acf":[],"_links":{"self":[{"href":"https:\/\/www.incliva.es\/en\/wp-json\/wp\/v2\/posts\/53075"}],"collection":[{"href":"https:\/\/www.incliva.es\/en\/wp-json\/wp\/v2\/posts"}],"about":[{"href":"https:\/\/www.incliva.es\/en\/wp-json\/wp\/v2\/types\/post"}],"author":[{"embeddable":true,"href":"https:\/\/www.incliva.es\/en\/wp-json\/wp\/v2\/users\/10"}],"replies":[{"embeddable":true,"href":"https:\/\/www.incliva.es\/en\/wp-json\/wp\/v2\/comments?post=53075"}],"version-history":[{"count":3,"href":"https:\/\/www.incliva.es\/en\/wp-json\/wp\/v2\/posts\/53075\/revisions"}],"predecessor-version":[{"id":53079,"href":"https:\/\/www.incliva.es\/en\/wp-json\/wp\/v2\/posts\/53075\/revisions\/53079"}],"wp:featuredmedia":[{"embeddable":true,"href":"https:\/\/www.incliva.es\/en\/wp-json\/wp\/v2\/media\/53076"}],"wp:attachment":[{"href":"https:\/\/www.incliva.es\/en\/wp-json\/wp\/v2\/media?parent=53075"}],"wp:term":[{"taxonomy":"category","embeddable":true,"href":"https:\/\/www.incliva.es\/en\/wp-json\/wp\/v2\/categories?post=53075"},{"taxonomy":"post_tag","embeddable":true,"href":"https:\/\/www.incliva.es\/en\/wp-json\/wp\/v2\/tags?post=53075"}],"curies":[{"name":"wp","href":"https:\/\/api.w.org\/{rel}","templated":true}]}}