{"id":53049,"date":"2026-09-02T18:00:46","date_gmt":"2026-09-02T16:00:46","guid":{"rendered":"https:\/\/www.incliva.es\/?p=53049"},"modified":"2026-09-02T18:00:48","modified_gmt":"2026-09-02T16:00:48","slug":"los-gallos-el-equipo-espanol-de-sailgp-visita-incliva-para-conocer-los-proyectos-en-cancer-infantil-y-cancer-colorrectal-financiados-por-cris-contra-el-cancer","status":"publish","type":"post","link":"https:\/\/www.incliva.es\/en\/los-gallos-el-equipo-espanol-de-sailgp-visita-incliva-para-conocer-los-proyectos-en-cancer-infantil-y-cancer-colorrectal-financiados-por-cris-contra-el-cancer\/","title":{"rendered":"\u2018Los Gallos\u2019, el equipo espa\u00f1ol de SailGP, visita INCLIVA para conocer los proyectos en c\u00e1ncer infantil y c\u00e1ncer colorrectal financiados por CRIS contra el C\u00e1ncer"},"content":{"rendered":"<div class=\"fusion-fullwidth fullwidth-box fusion-builder-row-1 fusion-flex-container nonhundred-percent-fullwidth non-hundred-percent-height-scrolling\" style=\"background-color: rgba(255,255,255,0);background-position: center center;background-repeat: no-repeat;border-width: 0px 0px 0px 0px;border-color:#e2e2e2;border-style:solid;\" ><div class=\"fusion-builder-row fusion-row fusion-flex-align-items-flex-start\" style=\"max-width:1248px;margin-left: calc(-4% \/ 2 );margin-right: calc(-4% \/ 2 );\"><div class=\"fusion-layout-column fusion_builder_column fusion-builder-column-0 fusion_builder_column_1_1 1_1 fusion-flex-column\"><div class=\"fusion-column-wrapper fusion-flex-justify-content-flex-start fusion-content-layout-column\" style=\"background-position:left top;background-repeat:no-repeat;-webkit-background-size:cover;-moz-background-size:cover;-o-background-size:cover;background-size:cover;padding: 0px 0px 0px 0px;\"><style type=\"text\/css\">@media only screen and (max-width:1532px) {.fusion-title.fusion-title-1{margin-top:10px!important;margin-bottom:15px!important;}}@media only screen and (max-width:640px) {.fusion-title.fusion-title-1{margin-top:10px!important;margin-bottom:10px!important;}}<\/style><div class=\"fusion-title title fusion-title-1 fusion-sep-none fusion-title-text fusion-title-size-four\" style=\"margin-top:10px;margin-bottom:15px;\"><h4 class=\"title-heading-left\" style=\"margin:0;\"><ul>\n<li>Coincidiendo con Spain Grand Prix, que se celebrar\u00e1 en Val\u00e8ncia este fin de semana, se ha celebrado un encuentro en INCLIVA con pacientes y familiares de c\u00e1ncer infantil que ha unido ciencia y deporte para impulsar la investigaci\u00f3n oncol\u00f3gica<\/li>\n<li>CRIS Contra el C\u00e1ncer financia y promueve en INCLIVA dos proyectos liderados por las doctoras Rosa Noguera y Noelia Tarazona en sarcoma de Ewing y biopsia l\u00edquida en c\u00e1ncer de colon<\/li>\n<\/ul><\/h4><\/div><div ><span class=\" fusion-imageframe imageframe-none imageframe-1 hover-type-none\" style=\"margin-top:20px;margin-bottom:20px;\"><img width=\"1920\" height=\"1080\" title=\"DSC02594_\" src=\"https:\/\/www.incliva.es\/wp-content\/uploads\/2026\/09\/DSC02594_.jpg\" class=\"img-responsive wp-image-53050\" srcset=\"https:\/\/www.incliva.es\/wp-content\/uploads\/2026\/09\/DSC02594_-200x113.jpg 200w, https:\/\/www.incliva.es\/wp-content\/uploads\/2026\/09\/DSC02594_-400x225.jpg 400w, https:\/\/www.incliva.es\/wp-content\/uploads\/2026\/09\/DSC02594_-600x338.jpg 600w, https:\/\/www.incliva.es\/wp-content\/uploads\/2026\/09\/DSC02594_-800x450.jpg 800w, https:\/\/www.incliva.es\/wp-content\/uploads\/2026\/09\/DSC02594_-1200x675.jpg 1200w, https:\/\/www.incliva.es\/wp-content\/uploads\/2026\/09\/DSC02594_.jpg 1920w\" sizes=\"(max-width: 640px) 100vw, 1200px\" \/><\/span><\/div><div class=\"fusion-text fusion-text-1\" style=\"transform:translate3d(0,0,0);\"><p>La Fundaci\u00f3n CRIS Contra el C\u00e1ncer, entidad referencia en la investigaci\u00f3n oncol\u00f3gica y hematol\u00f3gica, ha unido hoy ciencia de excelencia y deporte de \u00e9lite en la visita realizada al Instituto de Investigaci\u00f3n Sanitaria INCLIVA con el equipo espa\u00f1ol de SailGP \u2018Los Gallos\u2019 y acompa\u00f1ados de pacientes y familias afectados por el c\u00e1ncer.<\/p>\n<p>La visita materializa la colaboraci\u00f3n solidaria de \u2018Los Gallos\u2019 con CRIS Contra el C\u00e1ncer y su compromiso con la investigaci\u00f3n de excelencia, coincidiendo con la celebraci\u00f3n, los pr\u00f3ximos 5 y 6 de septiembre, del Spain Sail Grand Prix, que llegar\u00e1 por primera vez a Val\u00e8ncia.<\/p>\n<p>\u201cEl c\u00e1ncer es un gran reto global y en Espa\u00f1a es la primera causa de muerte, tanto en adultos como en ni\u00f1os, de manera que requiere de un abordaje integral con estrategias ambiciosas, recursos econ\u00f3micos, colaboraci\u00f3n p\u00fablico-privada y compromiso social\u201d, como ha explicado Estanis De La Quadra-Salcedo, vicepresidente ejecutivo de la Fundaci\u00f3n CRIS Contra el C\u00e1ncer.<\/p>\n<p>Por parte de INCLIVA han participado el doctor Andr\u00e9s Cervantes, director cient\u00edfico; la doctora Noelia Tarazona, investigadora principal del Grupo de C\u00e1ncer Colorrectal y Nuevos Desarrollos Terap\u00e9uticos en Tumores S\u00f3lidos y coordinadora del \u00c1rea de C\u00e1ncer, beneficiaria del Programa CRIS de M\u00e9dico Traslacional 2025 con el proyecto CRIS de Reca\u00eddas en C\u00e1ncer de Colon; y el equipo de la doctora Rosa Noguera representado por el doctor Jaime Verd\u00fa y las doctoras Amparo L\u00f3pez y Sof\u00eda Granados, del \u00a0Grupo de Investigaci\u00f3n Traslacional de Tumores S\u00f3lidos Pedi\u00e1tricos, por el proyecto CRIS de Sarcoma de Ewing.<\/p>\n<p>La Conselleria de Sanitat de la Generalitat Valenciana ha estado representada por Mariola Penad\u00e9s, directora general de Investigaci\u00f3n e Innovaci\u00f3n cient\u00edfica.<\/p>\n<p>El equipo espa\u00f1ol de SailGP, campeonato internacional de vela de alta velocidad que se conoce como \u2018la F\u00f3rmula 1 del mar\u2019, ha contado con la presencia de su CEO, Antonio Alqu\u00e9zar; Alejandra Real, directora de Operaciones; y los atletas Diego Bot\u00edn, Nicole van der Velden y Bernardo Freitas.<\/p>\n<p>Durante la jornada se ha producido un momento de gran emoci\u00f3n entre los investigadores, los deportistas y Nacho, adolescente curado de una leucemia; Jos\u00e9 \u00c1lvarez, padre de Luc\u00eda que falleci\u00f3 hace unos meses a los 15 a\u00f1os; y Noelia Gonz\u00e1lez, madre del peque\u00f1o Ares, que tampoco logr\u00f3 superar el c\u00e1ncer infantil. Todos han destacado la necesidad de investigar como \u00fanica alternativa para alcanzar tratamientos efectivos.<\/p>\n<\/div><div ><span class=\" fusion-imageframe imageframe-none imageframe-2 hover-type-none\" style=\"margin-top:20px;margin-bottom:20px;\"><img width=\"1920\" height=\"1080\" title=\"DSC02627_\" src=\"https:\/\/www.incliva.es\/wp-content\/uploads\/2026\/09\/DSC02627_.jpg\" class=\"img-responsive wp-image-53044\" srcset=\"https:\/\/www.incliva.es\/wp-content\/uploads\/2026\/09\/DSC02627_-200x113.jpg 200w, https:\/\/www.incliva.es\/wp-content\/uploads\/2026\/09\/DSC02627_-400x225.jpg 400w, https:\/\/www.incliva.es\/wp-content\/uploads\/2026\/09\/DSC02627_-600x338.jpg 600w, https:\/\/www.incliva.es\/wp-content\/uploads\/2026\/09\/DSC02627_-800x450.jpg 800w, https:\/\/www.incliva.es\/wp-content\/uploads\/2026\/09\/DSC02627_-1200x675.jpg 1200w, https:\/\/www.incliva.es\/wp-content\/uploads\/2026\/09\/DSC02627_.jpg 1920w\" sizes=\"(max-width: 640px) 100vw, 1200px\" \/><\/span><\/div><div class=\"fusion-text fusion-text-2\" style=\"transform:translate3d(0,0,0);\"><h3><strong>Una alianza con fuertes puntos en com\u00fan<\/strong><\/h3>\n<p>El encuentro celebrado esta ma\u00f1ana ha mostrado la alianza de ciencia y deporte que nace de una visi\u00f3n y unos valores compartidos. La investigaci\u00f3n de excelencia y el deporte de alta competici\u00f3n avanzan gracias al talento, la innovaci\u00f3n, la tecnolog\u00eda, la cooperaci\u00f3n y, sobre todo, el trabajo en equipo. Son dos \u00e1mbitos en los que Espa\u00f1a cuenta con profesionales capaces de competir y liderar al m\u00e1ximo nivel internacional.<\/p>\n<p>\u2018Los Gallos\u2019 representan a Espa\u00f1a en una de las competiciones deportivas m\u00e1s exigentes, innovadoras y tecnol\u00f3gicas del mundo. CRIS Contra el C\u00e1ncer impulsa y financia investigaci\u00f3n traslacional de excelencia dentro y fuera de Espa\u00f1a, conectando investigadores, hospitales y centros cient\u00edficos para acelerar la llegada de nuevos avances a los pacientes.<\/p>\n<p>En ambos casos, el talento individual solo alcanza todo su potencial cuando trabaja de forma coordinada dentro de un gran equipo. En SailGP, deportistas, ingenieros, t\u00e9cnicos y especialistas combinan conocimiento, tecnolog\u00eda y precisi\u00f3n para conseguir el mejor resultado. En la investigaci\u00f3n traslacional ocurre algo similar: investigadores b\u00e1sicos y cl\u00ednicos, m\u00e9dicos, profesionales sanitarios, hospitales y centros de investigaci\u00f3n cooperan para transformar el conocimiento cient\u00edfico en nuevos diagn\u00f3sticos y tratamientos que puedan llegar cuanto antes a los pacientes.<\/p>\n<p>La dimensi\u00f3n internacional constituye otro de los grandes puntos de encuentro. Tanto el deporte de \u00e9lite como la ciencia actual trascienden fronteras. Competir al m\u00e1ximo nivel y avanzar frente al c\u00e1ncer exige compartir conocimiento, atraer y desarrollar talento, incorporar innovaci\u00f3n y colaborar internacionalmente.<\/p>\n<p>Con esta alianza, \u2018Los Gallos\u2019 suman adem\u00e1s a su trayectoria deportiva un compromiso social con una de las grandes prioridades de nuestro pa\u00eds: impulsar la investigaci\u00f3n para mejorar la supervivencia y la calidad de vida de las personas con c\u00e1ncer.<\/p>\n<p>La colaboraci\u00f3n adquiere un significado especial en Val\u00e8ncia, donde CRIS Contra el C\u00e1ncer financia investigaci\u00f3n en INCLIVA y donde, durante esta visita, deportistas e investigadores han podido conocer de primera mano las historias de pacientes y familias, recordando que detr\u00e1s de cada proyecto cient\u00edfico existe un objetivo com\u00fan: conseguir que los avances de la investigaci\u00f3n se traduzcan en nuevas oportunidades para los pacientes.<\/p>\n<\/div><div ><span class=\" fusion-imageframe imageframe-none imageframe-3 hover-type-none\" style=\"margin-top:20px;margin-bottom:20px;\"><img width=\"1920\" height=\"1080\" title=\"DSC02676_\" src=\"https:\/\/www.incliva.es\/wp-content\/uploads\/2026\/09\/DSC02676_.jpg\" class=\"img-responsive wp-image-53045\" srcset=\"https:\/\/www.incliva.es\/wp-content\/uploads\/2026\/09\/DSC02676_-200x113.jpg 200w, https:\/\/www.incliva.es\/wp-content\/uploads\/2026\/09\/DSC02676_-400x225.jpg 400w, https:\/\/www.incliva.es\/wp-content\/uploads\/2026\/09\/DSC02676_-600x338.jpg 600w, https:\/\/www.incliva.es\/wp-content\/uploads\/2026\/09\/DSC02676_-800x450.jpg 800w, https:\/\/www.incliva.es\/wp-content\/uploads\/2026\/09\/DSC02676_-1200x675.jpg 1200w, https:\/\/www.incliva.es\/wp-content\/uploads\/2026\/09\/DSC02676_.jpg 1920w\" sizes=\"(max-width: 640px) 100vw, 1200px\" \/><\/span><\/div><div class=\"fusion-text fusion-text-3\" style=\"transform:translate3d(0,0,0);\"><h3><strong>Proyectos CRIS de investigaci\u00f3n en INCLIVA<\/strong><\/h3>\n<p>CRIS Contra el C\u00e1ncer financia actualmente dos proyectos activos en INCLIVA, en dos \u00e1reas muy distintas -sarcomas pedi\u00e1tricos y c\u00e1ncer colorrectal- que reflejan el modelo de CRIS: apoyar tanto la investigaci\u00f3n traslacional de laboratorio como la figura del m\u00e9dico investigador.<\/p>\n<p>Por una parte, el Proyecto CRIS de Sarcoma de Ewing, liderado por la doctora Rosa Noguera de INCLIVA y el doctor Enrique de \u00c1lava del Instituto de Biomedicina de Sevilla (IBiS), que est\u00e1 orientado a identificar factores en el entorno de los tumores infantiles que ayuden a clasificar y predecir el comportamiento de los \u2018Ewing like sarcoma\u2019 y los sarcomas de Ewing, as\u00ed como las alteraciones gen\u00e9ticas relacionadas con la aparici\u00f3n de met\u00e1stasis. CRIS financia el proyecto con 137.880 euros desde abril de 2023, de los cuales 68.940 euros se han dirigido al equipo de INCLIVA.<\/p>\n<p>Por otra parte, el Proyecto CRIS de Reca\u00eddas en c\u00e1ncer de colon, liderado por la doctora Noelia Tarazona, coordinadora del \u00e1rea de c\u00e1ncer de INCLIVA, que busca integrar la biopsia l\u00edquida en la pr\u00e1ctica cl\u00ednica habitual de pacientes con c\u00e1ncer colorrectal, para detectar antes de tiempo la enfermedad m\u00ednima residual y determinar qu\u00e9 pacientes responder\u00e1n a inmunoterapia, evitando as\u00ed tratamientos innecesarios. CRIS financia este proyecto con 400.000 euros a lo largo de cinco a\u00f1os.<\/p>\n<h3><strong>Pacientes y activistas de la investigaci\u00f3n del c\u00e1ncer<\/strong><\/h3>\n<p>En CRIS Contra el C\u00e1ncer los pacientes siempre est\u00e1n en el centro de las decisiones con el objetivo de conseguir una ciencia m\u00e1s inclusiva y humanizada, donde se escucha la experiencia de quienes viven la enfermedad.<\/p>\n<p>Jos\u00e9 \u00c1lvarez ha compartido con los investigadores y los miembros del equipo de \u2018Los Gallos\u2019 la historia de su hija Luc\u00eda, diagnosticada con una leucemia linfobl\u00e1stica tipo B a los 17 meses de nacer.\u00a0 Las leucemias infantiles tienen una tasa de curaci\u00f3n cercana al 90%. El pron\u00f3stico es mucho m\u00e1s dif\u00edcil en el 20% de los pacientes que tienen reca\u00eddas y Luc\u00eda tuvo cuatro.<\/p>\n<p>Cuando ya no hab\u00eda m\u00e1s opciones para Luc\u00eda, a Jos\u00e9 le lleg\u00f3 la noticia de la existencia de la Unidad CRIS de Terapias Avanzadas en el Hospital Universitario la Paz, donde desde 2018 se han tratado cerca de 1.000 a ni\u00f1os y ni\u00f1as a los que los tratamientos actuales no ofrecen esperanza. Luc\u00eda entr\u00f3 en el estudio a trav\u00e9s de un programa de uso compasivo, un uso que se ofrece a los pacientes para lo que no hay m\u00e1s opciones. En el estudio se le administraron un nuevo tipo de terapia: t\u00e1ndem CAR-T. Gracias a la aplicaci\u00f3n a Luc\u00eda se le puedo someter a un segundo trasplante. Luc\u00eda quer\u00eda ir a la universidad y estudiar biolog\u00eda, pero falleci\u00f3 el pasado mes de diciembre debido a una sepsis por una infecci\u00f3n de manera repentina.<\/p>\n<p>Noelia Gonz\u00e1lez tambi\u00e9n ha compartido la historia de su hijo Ares, haci\u00e9ndole un peque\u00f1o homenaje coincidiendo con el d\u00eda de su cumplea\u00f1os. El 13 de octubre de 2023 a Ares le diagnosticaron un meduloblastoma (tumor cerebral). Se le realiz\u00f3 de una cirug\u00eda y fue tratado con protonterapia en Madrid. Posteriormente, tuvo que volver a pasar por quir\u00f3fano en varias ocasiones por complicaciones cuando le quedaban solo dos ciclos de quimioterapia para terminar el tratamiento (septiembre 2024). Hab\u00eda una met\u00e1stasis leptomeningea para la que no existe curaci\u00f3n. Comenz\u00f3 una quimioterapia intraventricular con el objetivo de ganar tiempo, pero el tratamiento no fue efectivo y pas\u00f3 a cuidados paliativos. Ares falleci\u00f3 el 26 de marzo de este a\u00f1o.<\/p>\n<\/div><div ><span class=\" fusion-imageframe imageframe-none imageframe-4 hover-type-none\" style=\"margin-top:20px;margin-bottom:20px;\"><img width=\"1920\" height=\"1080\" title=\"DSC02656_\" src=\"https:\/\/www.incliva.es\/wp-content\/uploads\/2026\/09\/DSC02656_.jpg\" class=\"img-responsive wp-image-53046\" srcset=\"https:\/\/www.incliva.es\/wp-content\/uploads\/2026\/09\/DSC02656_-200x113.jpg 200w, https:\/\/www.incliva.es\/wp-content\/uploads\/2026\/09\/DSC02656_-400x225.jpg 400w, https:\/\/www.incliva.es\/wp-content\/uploads\/2026\/09\/DSC02656_-600x338.jpg 600w, https:\/\/www.incliva.es\/wp-content\/uploads\/2026\/09\/DSC02656_-800x450.jpg 800w, https:\/\/www.incliva.es\/wp-content\/uploads\/2026\/09\/DSC02656_-1200x675.jpg 1200w, https:\/\/www.incliva.es\/wp-content\/uploads\/2026\/09\/DSC02656_.jpg 1920w\" sizes=\"(max-width: 640px) 100vw, 1200px\" \/><\/span><\/div><div class=\"fusion-text fusion-text-4\" style=\"transform:translate3d(0,0,0);\"><p>La familia de Ares ha decidido poner en marcha una campa\u00f1a de recaudaci\u00f3n de fondos junto a la Fundaci\u00f3n CRIS Contra el C\u00e1ncer para destinarlos a la investigaci\u00f3n con la esperanza de que otros ni\u00f1os y ni\u00f1as puedan tener otra oportunidad de vida.<\/p>\n<p>Nacho fue diagnosticado con solo 10 a\u00f1os de una leucemia mielobl\u00e1stica secundaria a un s\u00edndrome mielodispl\u00e1sico, un tipo de leucemia muy poco frecuente en ni\u00f1os y sobre el que existe todav\u00eda escasa investigaci\u00f3n. Hoy tiene 16 a\u00f1os y se ha convertido en un firme defensor de la importancia de impulsar la investigaci\u00f3n del c\u00e1ncer infantil. Su diagn\u00f3stico no fue sencillo. Tras detectar alteraciones en una anal\u00edtica, su m\u00e9dico de cabecera le deriv\u00f3 al Hospital Universitario La Paz, donde permaneci\u00f3 ingresado mientras los especialistas realizaban diferentes pruebas hasta identificar la enfermedad.<\/p>\n<p>La \u00fanica alternativa terap\u00e9utica para Nacho era un trasplante de m\u00e9dula \u00f3sea. Tras recibir dos ciclos de quimioterapia, se someti\u00f3 a un primer trasplante con c\u00e9lulas de su padre que no funcion\u00f3 y que estuvo acompa\u00f1ado de graves complicaciones. Posteriormente recibi\u00f3 un segundo trasplante, esta vez de su madre, Mar\u00eda, en la Unidad CRIS de Terapias Avanzadas en C\u00e1ncer Infantil del Hospital La Paz. El tratamiento fue largo y complejo. Sufri\u00f3 varias infecciones graves y necesit\u00f3 una infusi\u00f3n de linfocitos procedentes tambi\u00e9n de su madre para recuperar su sistema inmunitario. Permaneci\u00f3 nueve meses aislado en el hospital, pas\u00f3 unas Navidades en la UCI y su madre estuvo a su lado durante todo el proceso. El 23 de septiembre de 2020, una anal\u00edtica confirm\u00f3 finalmente la noticia que la familia llevaba meses esperando: Nacho presentaba los valores de un ni\u00f1o sano.<\/p>\n<p>Seis a\u00f1os despu\u00e9s, su historia recuerda por qu\u00e9 es imprescindible investigar tambi\u00e9n los c\u00e1nceres infantiles m\u00e1s raros y con menos alternativas terap\u00e9uticas. Hoy Nacho utiliza su experiencia para reclamar m\u00e1s investigaci\u00f3n para que otros ni\u00f1os puedan tener nuevas oportunidades de tratamiento y futuro.<\/p>\n<h3><strong>Sobre la Fundaci\u00f3n CRIS Contra el C\u00e1ncer<\/strong><\/h3>\n<p>La Fundaci\u00f3n CRIS Contra el C\u00e1ncer -Cancer Research &amp; Innovation in Science- es una organizaci\u00f3n independiente, apol\u00edtica, sin \u00e1nimo de lucro y con el objetivo de curar el c\u00e1ncer a trav\u00e9s de la investigaci\u00f3n con el apoyo de la sociedad civil. Tiene sede en Espa\u00f1a, Reino Unido y Francia. Ha financiado proyectos en 107 centros de investigaci\u00f3n de todo el mundo. En Espa\u00f1a cuenta con Unidades propias de terapias y ensayos cl\u00ednicos en los principales hospitales de la sanidad p\u00fablica.<\/p>\n<p>En estos 16 a\u00f1os ha invertido 80 millones de euros en investigaci\u00f3n del c\u00e1ncer, 55,8 en los \u00faltimos 5 a\u00f1os, y tiene el compromiso de destinar 150 millones adicionales en el pr\u00f3ximo quinquenio.<\/p>\n<\/div><\/div><\/div><style type=\"text\/css\">.fusion-body .fusion-builder-column-0{width:100% !important;margin-top : 0px;margin-bottom : 0px;}.fusion-builder-column-0 > .fusion-column-wrapper {padding-top : 0px !important;padding-right : 0px !important;margin-right : 1.92%;padding-bottom : 0px !important;padding-left : 0px !important;margin-left : 1.92%;}@media only screen and (max-width:1532px) {.fusion-body .fusion-builder-column-0{width:100% !important;}.fusion-builder-column-0 > .fusion-column-wrapper {margin-right : 1.92%;margin-left : 1.92%;}}@media only screen and (max-width:640px) {.fusion-body .fusion-builder-column-0{width:100% !important;}.fusion-builder-column-0 > .fusion-column-wrapper {margin-right : 1.92%;margin-left : 1.92%;}}<\/style><\/div><style type=\"text\/css\">.fusion-body .fusion-flex-container.fusion-builder-row-1{ padding-top : 0px;margin-top : 0px;padding-right : 0px;padding-bottom : 0px;margin-bottom : 0px;padding-left : 0px;}<\/style><\/div>\n","protected":false},"excerpt":{"rendered":"","protected":false},"author":10,"featured_media":53050,"comment_status":"closed","ping_status":"closed","sticky":false,"template":"","format":"standard","meta":[],"categories":[175],"tags":[],"acf":[],"_links":{"self":[{"href":"https:\/\/www.incliva.es\/en\/wp-json\/wp\/v2\/posts\/53049"}],"collection":[{"href":"https:\/\/www.incliva.es\/en\/wp-json\/wp\/v2\/posts"}],"about":[{"href":"https:\/\/www.incliva.es\/en\/wp-json\/wp\/v2\/types\/post"}],"author":[{"embeddable":true,"href":"https:\/\/www.incliva.es\/en\/wp-json\/wp\/v2\/users\/10"}],"replies":[{"embeddable":true,"href":"https:\/\/www.incliva.es\/en\/wp-json\/wp\/v2\/comments?post=53049"}],"version-history":[{"count":7,"href":"https:\/\/www.incliva.es\/en\/wp-json\/wp\/v2\/posts\/53049\/revisions"}],"predecessor-version":[{"id":53057,"href":"https:\/\/www.incliva.es\/en\/wp-json\/wp\/v2\/posts\/53049\/revisions\/53057"}],"wp:featuredmedia":[{"embeddable":true,"href":"https:\/\/www.incliva.es\/en\/wp-json\/wp\/v2\/media\/53050"}],"wp:attachment":[{"href":"https:\/\/www.incliva.es\/en\/wp-json\/wp\/v2\/media?parent=53049"}],"wp:term":[{"taxonomy":"category","embeddable":true,"href":"https:\/\/www.incliva.es\/en\/wp-json\/wp\/v2\/categories?post=53049"},{"taxonomy":"post_tag","embeddable":true,"href":"https:\/\/www.incliva.es\/en\/wp-json\/wp\/v2\/tags?post=53049"}],"curies":[{"name":"wp","href":"https:\/\/api.w.org\/{rel}","templated":true}]}}