{"id":50369,"date":"2026-04-24T14:00:48","date_gmt":"2026-04-24T12:00:48","guid":{"rendered":"https:\/\/www.incliva.es\/mou-te-per-elles-supera-los-70-000-euros-donados-a-incliva\/"},"modified":"2026-04-27T15:24:09","modified_gmt":"2026-04-27T13:24:09","slug":"mou-te-per-elles-supera-los-70-000-euros-donados-a-incliva","status":"publish","type":"post","link":"https:\/\/www.incliva.es\/en\/mou-te-per-elles-supera-los-70-000-euros-donados-a-incliva\/","title":{"rendered":"Mou-Te per Elles supera los 70.000 euros donados a INCLIVA"},"content":{"rendered":"<div class=\"fusion-fullwidth fullwidth-box fusion-builder-row-1 fusion-flex-container nonhundred-percent-fullwidth non-hundred-percent-height-scrolling\" style=\"background-color: rgba(255,255,255,0);background-position: center center;background-repeat: no-repeat;border-width: 0px 0px 0px 0px;border-color:#e2e2e2;border-style:solid;\" ><div class=\"fusion-builder-row fusion-row fusion-flex-align-items-flex-start\" style=\"max-width:1248px;margin-left: calc(-4% \/ 2 );margin-right: calc(-4% \/ 2 );\"><div class=\"fusion-layout-column fusion_builder_column fusion-builder-column-0 fusion_builder_column_1_1 1_1 fusion-flex-column\"><div class=\"fusion-column-wrapper fusion-flex-justify-content-flex-start fusion-content-layout-column\" style=\"background-position:left top;background-repeat:no-repeat;-webkit-background-size:cover;-moz-background-size:cover;-o-background-size:cover;background-size:cover;padding: 0px 0px 0px 0px;\"><style type=\"text\/css\">@media only screen and (max-width:1532px) {.fusion-title.fusion-title-1{margin-top:10px!important;margin-bottom:15px!important;}}@media only screen and (max-width:640px) {.fusion-title.fusion-title-1{margin-top:10px!important;margin-bottom:10px!important;}}<\/style><div class=\"fusion-title title fusion-title-1 fusion-sep-none fusion-title-text fusion-title-size-four\" style=\"margin-top:10px;margin-bottom:15px;\"><h4 class=\"title-heading-left\" style=\"margin:0;\"><ul>\n<li>La asociaci\u00f3n recauda 22.150 euros en su \u00faltima carrera solidaria para investigar el c\u00e1ncer de mama triple negativo<\/li>\n<\/ul><\/h4><\/div><div ><span class=\" fusion-imageframe imageframe-none imageframe-1 hover-type-none\" style=\"margin-bottom:20px;\"><img width=\"2040\" height=\"1148\" title=\"Foto_Moute\" src=\"https:\/\/www.incliva.es\/wp-content\/uploads\/2026\/04\/Foto_Moute.jpg\" class=\"img-responsive wp-image-50370\" srcset=\"https:\/\/www.incliva.es\/wp-content\/uploads\/2026\/04\/Foto_Moute-200x113.jpg 200w, https:\/\/www.incliva.es\/wp-content\/uploads\/2026\/04\/Foto_Moute-400x225.jpg 400w, https:\/\/www.incliva.es\/wp-content\/uploads\/2026\/04\/Foto_Moute-600x338.jpg 600w, https:\/\/www.incliva.es\/wp-content\/uploads\/2026\/04\/Foto_Moute-800x450.jpg 800w, https:\/\/www.incliva.es\/wp-content\/uploads\/2026\/04\/Foto_Moute-1200x675.jpg 1200w, https:\/\/www.incliva.es\/wp-content\/uploads\/2026\/04\/Foto_Moute.jpg 2040w\" sizes=\"(max-width: 640px) 100vw, 1200px\" \/><\/span><\/div><div class=\"fusion-text fusion-text-1\" style=\"transform:translate3d(0,0,0);\"><p>El Instituto de Investigaci\u00f3n Sanitaria INCLIVA, del Hospital Cl\u00ednico Universitario de Val\u00e8ncia, ha recibido un nuevo donativo de 22.150 euros de la asociaci\u00f3n Mou-Te per Elles, recaudados durante la octava edici\u00f3n de su carrera y caminata solidarias, una iniciativa impulsada para apoyar la investigaci\u00f3n en c\u00e1ncer de mama triple negativo.<\/p>\n<p>Esta nueva aportaci\u00f3n se suma a los 48.214,92 euros donados en ediciones anteriores, lo que eleva la contribuci\u00f3n total de la asociaci\u00f3n a 71.150 euros destinados a este \u00e1mbito de investigaci\u00f3n.<\/p>\n<p>La entrega del donativo ha contado con la participaci\u00f3n de los doctores Juan Miguel Cejalvo y Marta Tapia, en representaci\u00f3n del<a href=\"https:\/\/incliva.portalinvestigacion.com\/grupos\/286\"> Grupo de Investigaci\u00f3n en Biolog\u00eda en C\u00e1ncer de Mama de INCLIVA<\/a>, que trabaja en el avance del conocimiento y tratamiento de esta enfermedad.<\/p>\n<p>Durante el acto, el equipo investigador quiso poner en valor el impacto de este tipo de iniciativas en el impulso de la investigaci\u00f3n biom\u00e9dica. \u201cEste tipo de colaboraciones son esenciales para continuar profundizando en el conocimiento del c\u00e1ncer de mama triple negativo y avanzar hacia tratamientos m\u00e1s eficaces, con los que podremos presentarnos a becas competitivas\u201d, se\u00f1alaron.<\/p>\n<p>La octava edici\u00f3n de la carrera, celebrada en Albalat de la Ribera, reuni\u00f3 \u00a0alrededor de 400 participantes y consolid\u00f3 esta cita como un referente solidario en la comarca. Desde Mou-Te per Elles han agradecido el respaldo de patrocinadores, entidades colaboradoras, voluntariado y todas las personas que han participado, haciendo posible un a\u00f1o m\u00e1s este impulso a la investigaci\u00f3n.<\/p>\n<p>La presidenta de Mou-Te per Elles, Andrea Domingo, destac\u00f3 el notable crecimiento del evento respecto al a\u00f1o anterior. \u201cHemos notado un notable aumento a nivel de participaci\u00f3n y, sobre todo, con una alegr\u00eda que se palpaba entre todas las personas asistentes\u201d, a\u00f1adi\u00f3.<\/p>\n<p>Este a\u00f1o las personas ganadoras obtuvieron un galard\u00f3n artesanal elaborado en macram\u00e9 por Margherita A. La presidenta explic\u00f3 que conocieron su trabajo a trav\u00e9s de las redes sociales y les pareci\u00f3 que, \u201cadem\u00e1s de la belleza y el simbolismo de la pieza, era tambi\u00e9n un modo de reivindicar la artesan\u00eda\u201d.<\/p>\n<p>\u201cGracias a todas aquellas personas que han entendido que el c\u00e1ncer de mama no se batalla con lazos de color rosa ni con donativos de 5 euros, sino con mucho esfuerzo y, sobre todo, exigiendo un sistema de salud p\u00fablico robusto\u201d, concluy\u00f3 Andrea Domingo, quien quiso lanzar un mensaje para concienciar a la ciudadan\u00eda.<\/p>\n<p>Con esta nueva donaci\u00f3n, Mou-Te per Elles refuerza su compromiso con la investigaci\u00f3n biom\u00e9dica y con la mejora de la prevenci\u00f3n, el diagn\u00f3stico y los tratamientos del c\u00e1ncer de mama, dentro del convenio de colaboraci\u00f3n que mantiene con INCLIVA desde 2023 y que renov\u00f3 el pasado 11 de marzo.<\/p>\n<\/div><\/div><\/div><style type=\"text\/css\">.fusion-body .fusion-builder-column-0{width:100% !important;margin-top : 0px;margin-bottom : 0px;}.fusion-builder-column-0 > .fusion-column-wrapper {padding-top : 0px !important;padding-right : 0px !important;margin-right : 1.92%;padding-bottom : 0px !important;padding-left : 0px !important;margin-left : 1.92%;}@media only screen and (max-width:1532px) {.fusion-body .fusion-builder-column-0{width:100% !important;}.fusion-builder-column-0 > .fusion-column-wrapper {margin-right : 1.92%;margin-left : 1.92%;}}@media only screen and (max-width:640px) {.fusion-body .fusion-builder-column-0{width:100% !important;}.fusion-builder-column-0 > .fusion-column-wrapper {margin-right : 1.92%;margin-left : 1.92%;}}<\/style><\/div><style type=\"text\/css\">.fusion-body .fusion-flex-container.fusion-builder-row-1{ padding-top : 0px;margin-top : 0px;padding-right : 0px;padding-bottom : 0px;margin-bottom : 0px;padding-left : 0px;}<\/style><\/div>\n","protected":false},"excerpt":{"rendered":"","protected":false},"author":10,"featured_media":50370,"comment_status":"closed","ping_status":"closed","sticky":false,"template":"","format":"standard","meta":[],"categories":[192],"tags":[],"acf":[],"_links":{"self":[{"href":"https:\/\/www.incliva.es\/en\/wp-json\/wp\/v2\/posts\/50369"}],"collection":[{"href":"https:\/\/www.incliva.es\/en\/wp-json\/wp\/v2\/posts"}],"about":[{"href":"https:\/\/www.incliva.es\/en\/wp-json\/wp\/v2\/types\/post"}],"author":[{"embeddable":true,"href":"https:\/\/www.incliva.es\/en\/wp-json\/wp\/v2\/users\/10"}],"replies":[{"embeddable":true,"href":"https:\/\/www.incliva.es\/en\/wp-json\/wp\/v2\/comments?post=50369"}],"version-history":[{"count":5,"href":"https:\/\/www.incliva.es\/en\/wp-json\/wp\/v2\/posts\/50369\/revisions"}],"predecessor-version":[{"id":50408,"href":"https:\/\/www.incliva.es\/en\/wp-json\/wp\/v2\/posts\/50369\/revisions\/50408"}],"wp:featuredmedia":[{"embeddable":true,"href":"https:\/\/www.incliva.es\/en\/wp-json\/wp\/v2\/media\/50370"}],"wp:attachment":[{"href":"https:\/\/www.incliva.es\/en\/wp-json\/wp\/v2\/media?parent=50369"}],"wp:term":[{"taxonomy":"category","embeddable":true,"href":"https:\/\/www.incliva.es\/en\/wp-json\/wp\/v2\/categories?post=50369"},{"taxonomy":"post_tag","embeddable":true,"href":"https:\/\/www.incliva.es\/en\/wp-json\/wp\/v2\/tags?post=50369"}],"curies":[{"name":"wp","href":"https:\/\/api.w.org\/{rel}","templated":true}]}}